{"id":35632,"__str__":"Requerimento n\u00ba 88 de 2024","link_detail_backend":"/materia/35632","metadata":{},"numero":88,"ano":2024,"numero_protocolo":247,"data_apresentacao":"2024-02-20","tipo_apresentacao":"","data_publicacao":null,"numero_origem_externa":"","ano_origem_externa":null,"data_origem_externa":null,"apelido":"","dias_prazo":null,"data_fim_prazo":null,"em_tramitacao":false,"polemica":false,"objeto":"","complementar":false,"ementa":"Solicita nos termos regimentais, agendamento das datas 25/04, do corrente ano, no plen\u00e1rio desta casa, para realiza\u00e7\u00e3o da reuni\u00e3o da Frente Parlamentar em Defesa dos Direitos da Crian\u00e7a e do Adolescente.","indexacao":"","observacao":"","resultado":"","texto_original":"http://sapl.natal.rn.leg.br/media/sapl/public/materialegislativa/2024/35632/req_05_reuniao_frente_da_crianca.pdf","data_ultima_atualizacao":"2025-02-05T10:48:46.507736-03:00","ip":"","ultima_edicao":null,"tipo":5,"regime_tramitacao":1,"tipo_origem_externa":null,"local_origem_externa":null,"user":null,"anexadas":[],"autores":[18]}