{"id":50041,"__str__":"Parecer (Comiss\u00f5es T\u00e9cnicas) n\u00ba 1322 de 2025","link_detail_backend":"/materia/50041","metadata":{},"numero":1322,"ano":2025,"numero_protocolo":6809,"data_apresentacao":"2025-10-22","tipo_apresentacao":"","data_publicacao":null,"numero_origem_externa":"","ano_origem_externa":null,"data_origem_externa":null,"apelido":"","dias_prazo":null,"data_fim_prazo":null,"em_tramitacao":true,"polemica":false,"objeto":"","complementar":false,"ementa":"VETO PARCIAL AO PROJETO DE LEI N\u00ba 390/2024, DISP\u00d5E SOBRE O REAJUSTE DA REMUNERA\u00c7\u00c3O DOS PROFISSIONAIS DE ENSINO DA REDE P\u00daBLICA MUNICIPAL DE NATAL E D\u00c1 OUTRAS PROVID\u00caNCIAS. EMENDA ADITIVA DE INICIATIVA PARLAMENTAR QUE CRIA DESPESAS. AFRONTA \u00c0 SEPARA\u00c7\u00c3O DOS PODERES, \u00c0 INICIATIVA PRIVATIVA DO CHEFE DO EXECUTIVO E \u00c0 LEI DE RESPONSABILIDADE FISCAL. PARECER PELA MANUTEN\u00c7\u00c3O DO VETO.","indexacao":"","observacao":"","resultado":"","texto_original":"http://sapl.natal.rn.leg.br/media/sapl/public/materialegislativa/2025/50041/parecer_-_reajuste_salarial_-_veto_parcial_emenda_-_manutencao_do_veto.pdf","data_ultima_atualizacao":"2025-11-11T13:00:00.238582-03:00","ip":"","ultima_edicao":null,"tipo":24,"regime_tramitacao":1,"tipo_origem_externa":null,"local_origem_externa":null,"user":null,"anexadas":[],"autores":[103]}